{"id":3471,"date":"2016-03-08T11:43:42","date_gmt":"2016-03-08T16:43:42","guid":{"rendered":"http:\/\/52.229.122.34\/fr\/?p=3471"},"modified":"2017-04-03T10:56:24","modified_gmt":"2017-04-03T14:56:24","slug":"lhopital-dottawa-celebre-la-journee-internationale-de-la-femme","status":"publish","type":"post","link":"https:\/\/www.ottawahospital.on.ca\/fr\/salle-de-presse\/lhopital-dottawa-celebre-la-journee-internationale-de-la-femme\/","title":{"rendered":"L\u2019H\u00f4pital d\u2019Ottawa c\u00e9l\u00e8bre la Journ\u00e9e internationale de la femme"},"content":{"rendered":"<p><strong>Le 8\u00a0mars 2016<\/strong>\u00a0<strong>\u2013<\/strong> La Journ\u00e9e internationale de la femme inspire les gens du monde entier \u00e0 c\u00e9l\u00e9brer les r\u00e9alisations \u00e9conomiques, politiques et sociales des femmes. L\u2019H\u00f4pital est fier de souligner cette journ\u00e9e importante pendant laquelle\u00a0:<\/p>\n<ul>\n<li>Nous c\u00e9l\u00e9brerons les r\u00e9alisations des femmes qui travaillent \u00e0 l\u2019H\u00f4pital par le discours inspirant de la D<sup>re<\/sup>\u00a0Gretchen Conrad, psychologue.<\/li>\n<li>Nous organiserons une discussion avec un groupe d\u2019experts sur l\u2019\u00e9quilibre vie-travail.<\/li>\n<li>Nous tiendrons une exposition de commer\u00e7ants.<\/li>\n<\/ul>\n<p><strong>Quand\u00a0:<br \/>\n<\/strong>Le mardi 8\u00a0mars 2016<\/p>\n<ul>\n<li>de 16\u00a0h \u00e0 17\u00a0h 30 : Discours et d\u00e9bat d\u2019expertes<\/li>\n<li>de 14 h \u00e0 18 h : Exposition<\/li>\n<\/ul>\n<p><strong>Qui\u00a0:<\/strong><\/p>\n<p><strong>Discours<br \/>\n<\/strong>D<sup>re<\/sup> Gretchen Conrad, psychologue, Le Royal<\/p>\n<p><strong>Mod\u00e9ratrice<br \/>\n<\/strong>Ren\u00e9e L\u00e9gar\u00e9, vice-pr\u00e9sidente ex\u00e9cutive, Ressources humaines, L\u2019H\u00f4pital d\u2019Ottawa<\/p>\n<p><strong>\u00a0Expertes<\/strong><\/p>\n<ul>\n<li>D<sup>re<\/sup> Mamta Gautam, Psychiatrie, L\u2019H\u00f4pital d\u2019Ottawa et Facult\u00e9 de m\u00e9decine, Universit\u00e9 d\u2019Ottawa; PDG, Peak MD<\/li>\n<li>Cathy Tsilfidis, Ph.D., chercheuse principale, Institut de recherche de l\u2019H\u00f4pital d\u2019Ottawa<\/li>\n<li>Nathalie Cadieux, vice-pr\u00e9sidente ex\u00e9cutive, Finances et D\u00e9veloppement des affaires, L\u2019H\u00f4pital d\u2019Ottawa<\/li>\n<li>Jan Leahy, gestionnaire clinique, Oto-rhino-laryngologie, Chirurgie buccale et maxillo-faciale, M\u00e9decine pulmonaire et Chirurgie\u00a0thoracique, 6NO (Unit\u00e9 d\u2019observation), Campus G\u00e9n\u00e9ral, L\u2019H\u00f4pital d\u2019Ottawa<\/li>\n<li>Genevi\u00e8ve C\u00f4t\u00e9, gestionnaire de la pratique professionnelle, Oncologie psychosociale, L\u2019H\u00f4pital d\u2019Ottawa<\/li>\n<\/ul>\n<p><strong>O\u00f9\u00a0:<br \/>\n<\/strong>L\u2019H\u00f4pital d\u2019Ottawa<br \/>\nAmphith\u00e9\u00e2tre du Campus Civic<br \/>\n1053, avenue Carling, Ottawa ON\u00a0 K1Y 4E9<\/p>\n<p><strong>Renseignements<br \/>\n<\/strong>Sarah Hartwick<br \/>\nCourriel : <a href=\"mailto:shartwick@lho.ca\">shartwick@lho.ca<br \/>\n<\/a>T\u00e9l. : 613-737-8899, poste 79211<\/p>\n<p><strong>Au sujet de L\u2019H\u00f4pital d\u2019Ottawa<\/strong><\/p>\n<p>L\u2019H\u00f4pital d\u2019Ottawa est l\u2019un des plus importants h\u00f4pitaux d\u2019enseignement et de recherche au Canada. Il est dot\u00e9 de plus de 1\u00a0100\u00a0lits, d\u2019un effectif de quelque 12\u00a0000\u00a0personnes et d\u2019un budget annuel d\u2019environ 1,2\u00a0milliard de dollars.<\/p>\n<p>L\u2019enseignement et la recherche \u00e9tant au c\u0153ur de nos activit\u00e9s, nous poss\u00e9dons les outils qui nous permettent d\u2019innover et d\u2019am\u00e9liorer les soins aux patients. Affili\u00e9 \u00e0 l\u2019Universit\u00e9 d\u2019Ottawa, l\u2019H\u00f4pital fournit sur plusieurs campus des soins sp\u00e9cialis\u00e9s \u00e0 la population de l\u2019Est de l\u2019Ontario. Cela dit, nos techniques de pointe et les fruits de nos recherches sont adopt\u00e9s partout dans le monde. Notre vision consiste \u00e0 am\u00e9liorer la qualit\u00e9 des soins et nous mobilisons l\u2019appui de toute la collectivit\u00e9 pour mieux y parvenir.<\/p>\n<p>Par la compassion de son personnel et la qu\u00eate perp\u00e9tuelle de nouvelles d\u00e9couvertes, L\u2019H\u00f4pital d\u2019Ottawa cherche sans rel\u00e2che des solutions aux d\u00e9fis les plus complexes en sant\u00e9.<\/p>\n","protected":false},"excerpt":{"rendered":"<p>Le 8\u00a0mars 2016\u00a0\u2013 La Journ\u00e9e internationale de la femme inspire les gens du monde entier \u00e0 c\u00e9l\u00e9brer les r\u00e9alisations \u00e9conomiques, politiques et sociales des femmes. L\u2019H\u00f4pital est fier de souligner cette journ\u00e9e importante pendant laquelle\u00a0: Nous c\u00e9l\u00e9brerons les r\u00e9alisations des femmes qui travaillent \u00e0 l\u2019H\u00f4pital par le discours inspirant de la Dre\u00a0Gretchen Conrad, psychologue. Nous [&hellip;]<\/p>\n","protected":false},"author":25,"featured_media":0,"comment_status":"open","ping_status":"open","sticky":false,"template":"","format":"standard","meta":{"_acf_changed":false,"footnotes":""},"categories":[12],"tags":[],"class_list":["post-3471","post","type-post","status-publish","format-standard","hentry","category-salle-de-presse"],"acf":[],"wps_subtitle":"","_links":{"self":[{"href":"https:\/\/www.ottawahospital.on.ca\/fr\/wp-json\/wp\/v2\/posts\/3471","targetHints":{"allow":["GET"]}}],"collection":[{"href":"https:\/\/www.ottawahospital.on.ca\/fr\/wp-json\/wp\/v2\/posts"}],"about":[{"href":"https:\/\/www.ottawahospital.on.ca\/fr\/wp-json\/wp\/v2\/types\/post"}],"author":[{"embeddable":true,"href":"https:\/\/www.ottawahospital.on.ca\/fr\/wp-json\/wp\/v2\/users\/25"}],"replies":[{"embeddable":true,"href":"https:\/\/www.ottawahospital.on.ca\/fr\/wp-json\/wp\/v2\/comments?post=3471"}],"version-history":[{"count":0,"href":"https:\/\/www.ottawahospital.on.ca\/fr\/wp-json\/wp\/v2\/posts\/3471\/revisions"}],"wp:attachment":[{"href":"https:\/\/www.ottawahospital.on.ca\/fr\/wp-json\/wp\/v2\/media?parent=3471"}],"wp:term":[{"taxonomy":"category","embeddable":true,"href":"https:\/\/www.ottawahospital.on.ca\/fr\/wp-json\/wp\/v2\/categories?post=3471"},{"taxonomy":"post_tag","embeddable":true,"href":"https:\/\/www.ottawahospital.on.ca\/fr\/wp-json\/wp\/v2\/tags?post=3471"}],"curies":[{"name":"wp","href":"https:\/\/api.w.org\/{rel}","templated":true}]}}