{"id":3284,"date":"2015-09-18T16:11:58","date_gmt":"2015-09-18T20:11:58","guid":{"rendered":"http:\/\/52.229.122.34\/fr\/?p=3284"},"modified":"2017-04-03T11:17:17","modified_gmt":"2017-04-03T15:17:17","slug":"lhopital-dottawa-a-lance-une-enquete-2","status":"publish","type":"post","link":"https:\/\/www.ottawahospital.on.ca\/fr\/salle-de-presse\/lhopital-dottawa-a-lance-une-enquete-2\/","title":{"rendered":"L\u2019H\u00f4pital d\u2019Ottawa a lanc\u00e9 une enqu\u00eate"},"content":{"rendered":"<p><strong>Le 18 septembre 2015<\/strong>\u00a0<strong>\u2013 <\/strong> Cette ann\u00e9e, dans le cadre de notre plan de contr\u00f4le interne, nous avons effectu\u00e9 une \u00e9valuation des risques et avons d\u00e9couvert que certaines activit\u00e9s du Service de la planification et de la gestion des installations \u00e9taient pr\u00e9occupantes. Nous avons donc lanc\u00e9 une enqu\u00eate, qui se poursuit \u00e0 ce jour.<\/p>\n<p>\u00c0 titre d\u2019important \u00e9tablissement public respect\u00e9 au sein de la collectivit\u00e9, nous nous imposons des normes rigoureuses pour la poursuite de nos activit\u00e9s et la gestion de tout probl\u00e8me qui surgit.\u00a0Nous avons des mesures de contr\u00f4le en place pour guider les actions et les comportements de notre personnel et de l\u2019H\u00f4pital dans son ensemble.\u00a0C\u2019est gr\u00e2ce \u00e0 ces m\u00e9canismes que nous relevons toute pr\u00e9occupation et prenons imm\u00e9diatement les mesures qui s\u2019imposent.<\/p>\n<p>Puisque l\u2019enqu\u00eate est en cours,\u00a0nous ne pouvons pas donner plus de d\u00e9tails sur les r\u00e9sultats ou les d\u00e9cisions pour le moment, car nous devons respecter l\u2019int\u00e9grit\u00e9 du processus et prot\u00e9ger la confidentialit\u00e9 des personnes impliqu\u00e9es.<\/p>\n<p><strong>Renseignements :<br \/>\n<\/strong>Kate Eggins<br \/>\nCourriel : <a href=\"mailto:keggins@lho.on.ca\">keggins@lho.on.ca<\/a><br \/>\nT\u00e9l. : 613-737-8460<\/p>\n","protected":false},"excerpt":{"rendered":"<p>Le 18 septembre 2015\u00a0\u2013 Cette ann\u00e9e, dans le cadre de notre plan de contr\u00f4le interne, nous avons effectu\u00e9 une \u00e9valuation des risques et avons d\u00e9couvert que certaines activit\u00e9s du Service de la planification et de la gestion des installations \u00e9taient pr\u00e9occupantes. Nous avons donc lanc\u00e9 une enqu\u00eate, qui se poursuit \u00e0 ce jour. \u00c0 titre [&hellip;]<\/p>\n","protected":false},"author":25,"featured_media":0,"comment_status":"open","ping_status":"open","sticky":false,"template":"","format":"standard","meta":{"_acf_changed":false,"footnotes":""},"categories":[12],"tags":[],"class_list":["post-3284","post","type-post","status-publish","format-standard","hentry","category-salle-de-presse"],"acf":[],"wps_subtitle":"","_links":{"self":[{"href":"https:\/\/www.ottawahospital.on.ca\/fr\/wp-json\/wp\/v2\/posts\/3284","targetHints":{"allow":["GET"]}}],"collection":[{"href":"https:\/\/www.ottawahospital.on.ca\/fr\/wp-json\/wp\/v2\/posts"}],"about":[{"href":"https:\/\/www.ottawahospital.on.ca\/fr\/wp-json\/wp\/v2\/types\/post"}],"author":[{"embeddable":true,"href":"https:\/\/www.ottawahospital.on.ca\/fr\/wp-json\/wp\/v2\/users\/25"}],"replies":[{"embeddable":true,"href":"https:\/\/www.ottawahospital.on.ca\/fr\/wp-json\/wp\/v2\/comments?post=3284"}],"version-history":[{"count":0,"href":"https:\/\/www.ottawahospital.on.ca\/fr\/wp-json\/wp\/v2\/posts\/3284\/revisions"}],"wp:attachment":[{"href":"https:\/\/www.ottawahospital.on.ca\/fr\/wp-json\/wp\/v2\/media?parent=3284"}],"wp:term":[{"taxonomy":"category","embeddable":true,"href":"https:\/\/www.ottawahospital.on.ca\/fr\/wp-json\/wp\/v2\/categories?post=3284"},{"taxonomy":"post_tag","embeddable":true,"href":"https:\/\/www.ottawahospital.on.ca\/fr\/wp-json\/wp\/v2\/tags?post=3284"}],"curies":[{"name":"wp","href":"https:\/\/api.w.org\/{rel}","templated":true}]}}