{"id":3280,"date":"2015-09-04T16:10:37","date_gmt":"2015-09-04T20:10:37","guid":{"rendered":"http:\/\/52.229.122.34\/fr\/?p=3280"},"modified":"2017-04-03T11:17:35","modified_gmt":"2017-04-03T15:17:35","slug":"le-stationnement-a-etages-du-campus-civic-sera-ferme-pendant-la-longue-fin-de-semaine-2","status":"publish","type":"post","link":"https:\/\/www.ottawahospital.on.ca\/fr\/salle-de-presse\/le-stationnement-a-etages-du-campus-civic-sera-ferme-pendant-la-longue-fin-de-semaine-2\/","title":{"rendered":"Le stationnement \u00e0 \u00e9tages du Campus Civic sera ferm\u00e9 pendant la longue fin de semaine"},"content":{"rendered":"<p><strong>Le 4 septembre 2015<\/strong>\u00a0<strong>\u2013 <\/strong> C\u2019est le temps de balayer le stationnement \u00e0 \u00e9tages et d\u2019en sceller l\u2019asphalte dans le cadre des travaux annuels d\u2019entretien.<\/p>\n<p>Le stationnement sera ferm\u00e9 du vendredi 4\u00a0septembre \u00e0 midi au lundi 7\u00a0septembre \u00e0 18\u00a0h. Le personnel pourra utiliser les stationnements P2 et P6 pendant ce temps, tandis que les patients et les visiteurs pourront se garer dans les stationnements P2, P4 et P7.<\/p>\n<p>Nous nous excusons des d\u00e9sagr\u00e9ments et vous remercions de votre collaboration. Pour en savoir plus, communiquez avec Mathieu Bissonnette au poste 16490.<\/p>\n","protected":false},"excerpt":{"rendered":"<p>Le 4 septembre 2015\u00a0\u2013 C\u2019est le temps de balayer le stationnement \u00e0 \u00e9tages et d\u2019en sceller l\u2019asphalte dans le cadre des travaux annuels d\u2019entretien. Le stationnement sera ferm\u00e9 du vendredi 4\u00a0septembre \u00e0 midi au lundi 7\u00a0septembre \u00e0 18\u00a0h. Le personnel pourra utiliser les stationnements P2 et P6 pendant ce temps, tandis que les patients et [&hellip;]<\/p>\n","protected":false},"author":25,"featured_media":0,"comment_status":"open","ping_status":"open","sticky":false,"template":"","format":"standard","meta":{"_acf_changed":false,"footnotes":""},"categories":[12],"tags":[],"class_list":["post-3280","post","type-post","status-publish","format-standard","hentry","category-salle-de-presse"],"acf":[],"wps_subtitle":"","_links":{"self":[{"href":"https:\/\/www.ottawahospital.on.ca\/fr\/wp-json\/wp\/v2\/posts\/3280","targetHints":{"allow":["GET"]}}],"collection":[{"href":"https:\/\/www.ottawahospital.on.ca\/fr\/wp-json\/wp\/v2\/posts"}],"about":[{"href":"https:\/\/www.ottawahospital.on.ca\/fr\/wp-json\/wp\/v2\/types\/post"}],"author":[{"embeddable":true,"href":"https:\/\/www.ottawahospital.on.ca\/fr\/wp-json\/wp\/v2\/users\/25"}],"replies":[{"embeddable":true,"href":"https:\/\/www.ottawahospital.on.ca\/fr\/wp-json\/wp\/v2\/comments?post=3280"}],"version-history":[{"count":0,"href":"https:\/\/www.ottawahospital.on.ca\/fr\/wp-json\/wp\/v2\/posts\/3280\/revisions"}],"wp:attachment":[{"href":"https:\/\/www.ottawahospital.on.ca\/fr\/wp-json\/wp\/v2\/media?parent=3280"}],"wp:term":[{"taxonomy":"category","embeddable":true,"href":"https:\/\/www.ottawahospital.on.ca\/fr\/wp-json\/wp\/v2\/categories?post=3280"},{"taxonomy":"post_tag","embeddable":true,"href":"https:\/\/www.ottawahospital.on.ca\/fr\/wp-json\/wp\/v2\/tags?post=3280"}],"curies":[{"name":"wp","href":"https:\/\/api.w.org\/{rel}","templated":true}]}}