{"id":31653,"date":"2017-11-22T11:18:36","date_gmt":"2017-11-22T16:18:36","guid":{"rendered":"http:\/\/www.ottawahospital.on.ca\/?p=31653"},"modified":"2021-02-09T12:59:50","modified_gmt":"2021-02-09T17:59:50","slug":"lunite-de-soins-intensifs-neonataux-donne-avalina-prematuree-une-chance-de-sen-sortir","status":"publish","type":"post","link":"https:\/\/www.ottawahospital.on.ca\/fr\/avenir-en-sante\/lunite-de-soins-intensifs-neonataux-donne-avalina-prematuree-une-chance-de-sen-sortir\/","title":{"rendered":"L\u2019Unit\u00e9 de soins intensifs n\u00e9onataux a donn\u00e9 \u00e0 Avalina, pr\u00e9matur\u00e9e, une chance de s\u2019en sortir"},"content":{"rendered":"<p style=\"text-align: center;\"><em>La petite Avalina Sousa est n\u00e9e \u00e0 24\u00a0semaines de gestation et a pass\u00e9 les 127\u00a0premi\u00e8res journ\u00e9es de sa vie \u00e0 l\u2019Unit\u00e9 de soins intensifs n\u00e9onataux. L\u2019H\u00f4pital est \u00e0 r\u00e9nover cette unit\u00e9 au Campus G\u00e9n\u00e9ral pour que chaque b\u00e9b\u00e9 ait sa propre chamber.<\/em><\/p>\n<p>Sarah et Lorenzo Sousa attendaient avec joie l\u2019arriv\u00e9e de leur deuxi\u00e8me\u00a0enfant. Enceinte de 24\u00a0semaines, Sarah Sousa s\u2019est r\u00e9veill\u00e9e avec des contractions \u00e0 1\u00a0h le 23\u00a0mars 2016.<\/p>\n<p>Lorenzo l\u2019a emmitoufl\u00e9e et l\u2019a mise dans la voiture, puis le couple s\u2019est dirig\u00e9 vers l\u2019h\u00f4pital. Mais Sarah sentait que l\u2019arriv\u00e9e du b\u00e9b\u00e9 \u00e9tait imminente. Ils ont compos\u00e9 le 911 et une ambulance a emmen\u00e9 Sarah \u00e0 l\u2019h\u00f4pital juste \u00e0 temps. Dilat\u00e9e \u00e0 10\u00a0centim\u00e8tres, elle avait une infection.<\/p>\n<p>\u00ab\u00a0Ils ne pouvaient rien faire pour repousser l\u2019arriv\u00e9e du b\u00e9b\u00e9, se souvient Sarah. Les m\u00e9decins nous ont dit qu\u2019elle avait peu de chance de survivre et qu\u2019elle ne pourrait pas respirer par elle-m\u00eame parce que ses poumons n\u2019\u00e9taient pas assez d\u00e9velopp\u00e9s. Ils nous ont parl\u00e9 de tous les dangers qui attendent les b\u00e9b\u00e9s pr\u00e9matur\u00e9s.\u00a0\u00bb<\/p>\n<p><img decoding=\"async\" class=\"img-responsive alignnone wp-image-31649 size-medium\" src=\"https:\/\/www.ottawahospital.on.ca\/wp-content\/uploads\/2017\/11\/avalina.NICU1-448-300x229.jpg\" alt=\"avalina.NICU1 448\" width=\"300\" height=\"229\" srcset=\"https:\/\/www.ottawahospital.on.ca\/wp-content\/uploads\/2017\/11\/avalina.NICU1-448-300x229.jpg 300w, https:\/\/www.ottawahospital.on.ca\/wp-content\/uploads\/2017\/11\/avalina.NICU1-448.jpg 320w\" sizes=\"(max-width: 300px) 100vw, 300px\" \/><\/p>\n<p>\u00c0 4\u00a0h\u00a046, Avalina est n\u00e9e et pesait seulement 750\u00a0g. Elle \u00e9tait si petite, si fragile et si malade. \u00c0 l\u2019Unit\u00e9 de soins intensifs n\u00e9onataux (USIN), elle \u00e9tait dans un incubateur, s\u00e9par\u00e9e de ses parents par des tubes et des fils. Cet \u00eatre minuscule luttait par lui-m\u00eame pour survivre. Mais elle a pers\u00e9v\u00e9r\u00e9 et a fait des progr\u00e8s petit \u00e0 petit, jusqu\u2019\u00e0 ce qu\u2019elle soit en assez bonne sant\u00e9 pour retrouver ses parents et sa grande s\u0153ur Olivia \u00e0 la maison.<\/p>\n<p>\u00ab\u00a0Apr\u00e8s 127\u00a0jours, nous avons ramen\u00e9 notre adorable petite fille chez nous, raconte Sarah. Nous n\u2019aurions jamais pu nous en sortir sans l\u2019aide des formidables m\u00e9decins, infirmi\u00e8res et autres membres du personnel de l\u2019USIN \u00e0 L\u2019H\u00f4pital d\u2019Ottawa. Tous vont au-del\u00e0 de l\u2019ordinaire pour soigner les plus petits \u00eatres qui arrivent dans notre monde trop t\u00f4t. Notre pr\u00e9cieuse Avalina est la preuve vivante de leurs comp\u00e9tences, de leur engagement et de leur compassion.\u00a0\u00bb<\/p>\n<p>L\u2019H\u00f4pital d\u2019Ottawa est \u00e0 r\u00e9nover son USIN au Campus G\u00e9n\u00e9ral pour que chaque b\u00e9b\u00e9 ait sa chambre. Ainsi, les fournisseurs de soins peuvent personnaliser l\u2019espace de chaque petit patient et adopter un mod\u00e8le de soins centr\u00e9 sur la famille qui incorpore la technologie et l\u2019\u00e9quipement de pointe.<\/p>\n<p>Pour que des b\u00e9b\u00e9s comme Avalina re\u00e7oivent les meilleurs traitements novateurs con\u00e7us \u00e0 L\u2019H\u00f4pital d\u2019Ottawa, une nouvelle USIN est essentielle. Les b\u00e9b\u00e9s pr\u00e9matur\u00e9s auront ainsi les meilleures chances de survivre et de se d\u00e9velopper normalement.<\/p>\n<p>Renseignez-vous sur la <a href=\"https:\/\/fondationho.ca\/laissez-vous-inspirer\/les-cellules-souches-pourraient-aider-les-bebes-prematures\/\" target=\"_blank\" rel=\"noopener noreferrer\">campagne de financement<\/a> pour r\u00e9nover et agrandir l\u2019USIN de l\u2019H\u00f4pital.<\/p>\n<p><img decoding=\"async\" class=\"img-responsive alignnone wp-image-31650 size-medium\" src=\"https:\/\/www.ottawahospital.on.ca\/wp-content\/uploads\/2017\/11\/avalina1-cropped-448-230x300.jpg\" alt=\"avalina1 cropped 448\" width=\"230\" height=\"300\" srcset=\"https:\/\/www.ottawahospital.on.ca\/wp-content\/uploads\/2017\/11\/avalina1-cropped-448-230x300.jpg 230w, https:\/\/www.ottawahospital.on.ca\/wp-content\/uploads\/2017\/11\/avalina1-cropped-448.jpg 448w\" sizes=\"(max-width: 230px) 100vw, 230px\" \/><\/p>\n","protected":false},"excerpt":{"rendered":"<p>Avalina Sousa est n\u00e9e 17\u00a0semaines trop t\u00f4t, lorsqu\u2019elle pesait 750\u00a0g, et a pass\u00e9 les 127\u00a0jours de sa vie \u00e0 l\u2019Unit\u00e9 de soins intensifs n\u00e9onataux. Gr\u00e2ce aux soins extraordinaires qu\u2019elle y a re\u00e7us, elle a fait des progr\u00e8s petit \u00e0 petit, jusqu\u2019\u00e0 ce qu\u2019elle soit en assez bonne sant\u00e9 pour quitter l\u2019h\u00f4pital.<\/p>\n","protected":false},"author":25,"featured_media":31651,"comment_status":"open","ping_status":"closed","sticky":false,"template":"","format":"standard","meta":{"_acf_changed":false,"footnotes":""},"categories":[10],"tags":[389,451],"class_list":["post-31653","post","type-post","status-publish","format-standard","has-post-thumbnail","hentry","category-avenir-en-sante","tag-innovation-fr","tag-sante-des-nouveau-nes-fr"],"acf":[],"wps_subtitle":"","_links":{"self":[{"href":"https:\/\/www.ottawahospital.on.ca\/fr\/wp-json\/wp\/v2\/posts\/31653","targetHints":{"allow":["GET"]}}],"collection":[{"href":"https:\/\/www.ottawahospital.on.ca\/fr\/wp-json\/wp\/v2\/posts"}],"about":[{"href":"https:\/\/www.ottawahospital.on.ca\/fr\/wp-json\/wp\/v2\/types\/post"}],"author":[{"embeddable":true,"href":"https:\/\/www.ottawahospital.on.ca\/fr\/wp-json\/wp\/v2\/users\/25"}],"replies":[{"embeddable":true,"href":"https:\/\/www.ottawahospital.on.ca\/fr\/wp-json\/wp\/v2\/comments?post=31653"}],"version-history":[{"count":0,"href":"https:\/\/www.ottawahospital.on.ca\/fr\/wp-json\/wp\/v2\/posts\/31653\/revisions"}],"wp:featuredmedia":[{"embeddable":true,"href":"https:\/\/www.ottawahospital.on.ca\/fr\/wp-json\/wp\/v2\/media\/31651"}],"wp:attachment":[{"href":"https:\/\/www.ottawahospital.on.ca\/fr\/wp-json\/wp\/v2\/media?parent=31653"}],"wp:term":[{"taxonomy":"category","embeddable":true,"href":"https:\/\/www.ottawahospital.on.ca\/fr\/wp-json\/wp\/v2\/categories?post=31653"},{"taxonomy":"post_tag","embeddable":true,"href":"https:\/\/www.ottawahospital.on.ca\/fr\/wp-json\/wp\/v2\/tags?post=31653"}],"curies":[{"name":"wp","href":"https:\/\/api.w.org\/{rel}","templated":true}]}}