{"id":231083,"date":"2025-09-08T09:55:50","date_gmt":"2025-09-08T13:55:50","guid":{"rendered":"https:\/\/www.ottawahospital.on.ca\/?p=231083"},"modified":"2025-09-08T09:55:51","modified_gmt":"2025-09-08T13:55:51","slug":"fermeture-du-stationnement-p1-du-campus-civic-pour-entretien-le-vendredi-12-sept","status":"publish","type":"post","link":"https:\/\/www.ottawahospital.on.ca\/fr\/salle-de-presse\/fermeture-du-stationnement-p1-du-campus-civic-pour-entretien-le-vendredi-12-sept\/","title":{"rendered":"Fermeture du stationnement\u00a0P1 du Campus Civic pour entretien le vendredi\u00a012\u00a0sept."},"content":{"rendered":"\n<p>Le stationnement&nbsp;P1 du Campus Civic de L\u2019H\u00f4pital d\u2019Ottawa sera ferm\u00e9 pour entretien le vendredi&nbsp;12&nbsp;sept. \u00e0 partir de 20&nbsp;h.<\/p>\n\n\n\n<p>Le personnel d\u2019Indigo sera pr\u00e9sent sur place les 13 et 14&nbsp;sept. pour aider \u00e0 diriger le personnel, les patients et les visiteurs vers d\u2019autres options de stationnement, notamment les stationnements&nbsp;P2 et P7, et les places de stationnement payant dans la rue.<\/p>\n\n\n\n<p>Le stationnement&nbsp;P1 rouvrira le dimanche&nbsp;14&nbsp;sept. \u00e0 20&nbsp;h.<\/p>\n\n\n\n<p>Nous nous excusons des d\u00e9sagr\u00e9ments que peuvent entra\u00eener ces travaux essentiels dans le stationnement&nbsp;P1 et vous remercions pour votre patience et votre collaboration.<\/p>\n","protected":false},"excerpt":{"rendered":"<p>Le stationnement&nbsp;P1 du Campus Civic de L\u2019H\u00f4pital d\u2019Ottawa sera ferm\u00e9 pour entretien le vendredi&nbsp;12&nbsp;sept. \u00e0 partir de 20&nbsp;h. Le personnel d\u2019Indigo sera pr\u00e9sent sur place les 13 et 14&nbsp;sept. pour aider \u00e0 diriger le personnel, les patients et les visiteurs vers d\u2019autres options de stationnement, notamment les stationnements&nbsp;P2 et P7, et les places de stationnement [&hellip;]<\/p>\n","protected":false},"author":25,"featured_media":0,"comment_status":"closed","ping_status":"closed","sticky":false,"template":"","format":"standard","meta":{"_acf_changed":false,"footnotes":""},"categories":[12],"tags":[],"class_list":["post-231083","post","type-post","status-publish","format-standard","hentry","category-salle-de-presse"],"acf":[],"wps_subtitle":"","_links":{"self":[{"href":"https:\/\/www.ottawahospital.on.ca\/fr\/wp-json\/wp\/v2\/posts\/231083","targetHints":{"allow":["GET"]}}],"collection":[{"href":"https:\/\/www.ottawahospital.on.ca\/fr\/wp-json\/wp\/v2\/posts"}],"about":[{"href":"https:\/\/www.ottawahospital.on.ca\/fr\/wp-json\/wp\/v2\/types\/post"}],"author":[{"embeddable":true,"href":"https:\/\/www.ottawahospital.on.ca\/fr\/wp-json\/wp\/v2\/users\/25"}],"replies":[{"embeddable":true,"href":"https:\/\/www.ottawahospital.on.ca\/fr\/wp-json\/wp\/v2\/comments?post=231083"}],"version-history":[{"count":0,"href":"https:\/\/www.ottawahospital.on.ca\/fr\/wp-json\/wp\/v2\/posts\/231083\/revisions"}],"wp:attachment":[{"href":"https:\/\/www.ottawahospital.on.ca\/fr\/wp-json\/wp\/v2\/media?parent=231083"}],"wp:term":[{"taxonomy":"category","embeddable":true,"href":"https:\/\/www.ottawahospital.on.ca\/fr\/wp-json\/wp\/v2\/categories?post=231083"},{"taxonomy":"post_tag","embeddable":true,"href":"https:\/\/www.ottawahospital.on.ca\/fr\/wp-json\/wp\/v2\/tags?post=231083"}],"curies":[{"name":"wp","href":"https:\/\/api.w.org\/{rel}","templated":true}]}}